{"id":53983,"date":"2024-04-08T13:45:32","date_gmt":"2024-04-08T10:45:32","guid":{"rendered":"http:\/\/turkaesthetic.com\/?p=53983"},"modified":"2026-01-22T13:54:38","modified_gmt":"2026-01-22T10:54:38","slug":"fractional-laser-cost-turkey","status":"publish","type":"post","link":"https:\/\/www.turkaesthetic.com\/fr\/aesthetic\/fractional-laser-cost-turkey\/","title":{"rendered":"Prix du Laser Fractionn\u00e9 en Turquie"},"content":{"rendered":"\n<h2 class=\"wp-block-heading\">Combien co\u00fbte un laser fractionn\u00e9 en Turquie ?<\/h2>\n\n\n\n<p><a href=\"https:\/\/www.turkaesthetic.com\/fr\/fractional-laser\/\" data-type=\"link\" data-id=\"https:\/\/www.turkaesthetic.com\/fr\/fractional-laser\/\">Le laser fractionn\u00e9<\/a> en Turquie varie selon l\u2019\u00e9tendue de la proc\u00e9dure et les besoins individuels du patient, c\u2019est pourquoi il n\u2019est pas possible de d\u00e9finir un prix fixe ou standard pour tout le monde. Le type de peau, le probl\u00e8me cutan\u00e9 concern\u00e9 et l\u2019objectif du traitement diff\u00e8rent d\u2019une personne \u00e0 l\u2019autre. Pour cette raison, le <strong>prix du laser fractionn\u00e9 en Turquie<\/strong> est d\u00e9termin\u00e9 apr\u00e8s une premi\u00e8re \u00e9valuation. Lors de l\u2019\u00e9laboration du plan de traitement, la structure de la peau et le r\u00e9sultat souhait\u00e9 sont pris en compte, ce qui entra\u00eene des diff\u00e9rences de prix entre les patients.<\/p>\n\n\n\n<h3 class=\"wp-block-heading\">Facteurs g\u00e9n\u00e9raux influen\u00e7ant le co\u00fbt moyen du laser fractionn\u00e9 en Turquie<\/h3>\n\n\n\n<p>Les principaux facteurs qui d\u00e9terminent les tarifs du laser fractionn\u00e9 comprennent :<\/p>\n\n\n\n<ul class=\"wp-block-list\">\n<li>La taille de la zone \u00e0 traiter (visage complet, zones sp\u00e9cifiques, zones de cicatrices, etc.)<\/li>\n\n\n\n<li>Le type et la profondeur du probl\u00e8me cutan\u00e9 (cicatrices d\u2019acn\u00e9, pigmentation, rides)<\/li>\n\n\n\n<li>La technologie laser utilis\u00e9e (laser fractionn\u00e9 classique ou laser fractionn\u00e9 au CO\u2082)<\/li>\n\n\n\n<li>Le nombre de s\u00e9ances pr\u00e9vues<\/li>\n\n\n\n<li>L\u2019\u00e9tendue des services propos\u00e9s par la clinique (consultation initiale, visites de suivi, soins apr\u00e8s traitement)<\/li>\n<\/ul>\n\n\n\n<p>Comme chacun de ces \u00e9l\u00e9ments influence directement la tarification, le co\u00fbt exact ne peut \u00eatre d\u00e9termin\u00e9 qu\u2019apr\u00e8s une \u00e9valuation par un sp\u00e9cialiste afin de d\u00e9finir pr\u00e9cis\u00e9ment le <strong>prix du laser fractionn\u00e9 en Turquie<\/strong>.<\/p>\n\n\n\n<h3 class=\"wp-block-heading\">Tarification par s\u00e9ance ou en forfait ?<\/h3>\n\n\n\n<p>Dans certains cas, le traitement au laser fractionn\u00e9 peut \u00eatre planifi\u00e9 <strong>par s\u00e9ance<\/strong>, tandis que dans d\u2019autres cas il peut \u00eatre propos\u00e9 <strong>sous forme de forfait<\/strong>. Pour des probl\u00e9matiques l\u00e9g\u00e8res, une seule s\u00e9ance peut suffire, alors que les situations n\u00e9cessitant un traitement des cicatrices ou un renouvellement cutan\u00e9 plus profond peuvent exiger plusieurs s\u00e9ances.<\/p>\n\n\n\n<p>Les forfaits de traitement sont g\u00e9n\u00e9ralement :<\/p>\n\n\n\n<ul class=\"wp-block-list\">\n<li>Plus avantageux que la tarification \u00e0 la s\u00e9ance<\/li>\n\n\n\n<li>Utiles pour maintenir un plan de traitement structur\u00e9 et r\u00e9gulier<\/li>\n\n\n\n<li>Propices \u00e0 des r\u00e9sultats plus \u00e9quilibr\u00e9s et durables<\/li>\n<\/ul>\n\n\n\n<p>L\u2019option la plus adapt\u00e9e est d\u00e9termin\u00e9e apr\u00e8s une analyse de la peau. Par cons\u00e9quent, le choix entre s\u00e9ances individuelles et forfaits doit se faire selon les recommandations du sp\u00e9cialiste.<\/p>\n\n\n\n<figure class=\"wp-block-embed is-type-video is-provider-youtube wp-block-embed-youtube wp-embed-aspect-16-9 wp-has-aspect-ratio\"><div class=\"wp-block-embed__wrapper\">\n<iframe loading=\"lazy\" title=\"Fractional Laser in Turkey - Turk Aesthetic\" width=\"800\" height=\"450\" src=\"https:\/\/www.youtube.com\/embed\/Jx0BdhsKfhs?feature=oembed\" frameborder=\"0\" allow=\"accelerometer; autoplay; clipboard-write; encrypted-media; gyroscope; picture-in-picture; web-share\" referrerpolicy=\"strict-origin-when-cross-origin\" allowfullscreen><\/iframe>\n<\/div><figcaption class=\"wp-element-caption\">Prix du laser fractionn\u00e9 en Turquie<\/figcaption><\/figure>\n\n\n\n<h2 class=\"wp-block-heading\">Facteurs qui d\u00e9terminent les tarifs du laser fractionn\u00e9<\/h2>\n\n\n\n<p>Les tarifs du laser fractionn\u00e9 ne d\u00e9pendent pas d\u2019un seul facteur. Plusieurs crit\u00e8res sont \u00e9valu\u00e9s conjointement lors de l\u2019\u00e9laboration d\u2019un plan de traitement. Ces facteurs influencent directement l\u2019\u00e9tendue de la proc\u00e9dure et la dur\u00e9e globale du traitement, c\u2019est pourquoi la tarification du laser fractionn\u00e9 est personnalis\u00e9e pour chaque patient.<\/p>\n\n\n\n<h3 class=\"wp-block-heading\">1- Zone de traitement (visage, cou, zones de pigmentation, etc.)<\/h3>\n\n\n\n<p>La taille de la zone \u00e0 traiter est l\u2019un des facteurs les plus importants qui influencent le co\u00fbt du laser fractionn\u00e9. Il peut y avoir une diff\u00e9rence de prix entre un traitement du visage complet et une proc\u00e9dure ciblant une seule zone ou une cicatrice. Traiter le cou, le haut du thorax ou plusieurs zones lors d\u2019une m\u00eame s\u00e9ance peut \u00e9galement faire varier le co\u00fbt total.<\/p>\n\n\n\n<h3 class=\"wp-block-heading\">2- Type et s\u00e9v\u00e9rit\u00e9 de l\u2019affection cutan\u00e9e (cicatrices d\u2019acn\u00e9, pigmentation, rides)<\/h3>\n\n\n\n<p>Le type et la profondeur du probl\u00e8me cutan\u00e9 d\u00e9terminent les r\u00e9glages du laser et le nombre de s\u00e9ances n\u00e9cessaires. Il existe une diff\u00e9rence de dur\u00e9e et de planification entre une pigmentation superficielle et des cicatrices d\u2019acn\u00e9 profondes. Les probl\u00e8mes cutan\u00e9s plus avanc\u00e9s n\u00e9cessitent souvent des s\u00e9ances plus intensives ou plus nombreuses, ce qui impacte directement le prix.<\/p>\n\n\n\n<h3 class=\"wp-block-heading\">3- Type d\u2019appareil utilis\u00e9 (CO\u2082 \/ Erbium \/ laser fractionn\u00e9)<\/h3>\n\n\n\n<p>Le type d\u2019appareil utilis\u00e9 pendant les s\u00e9ances de laser fractionn\u00e9 joue un r\u00f4le majeur dans les variations de prix. Des technologies comme le laser fractionn\u00e9 au CO\u2082, qui permettent une p\u00e9n\u00e9tration plus profonde, peuvent \u00eatre tarif\u00e9es diff\u00e9remment des syst\u00e8mes fractionn\u00e9s standards. Les caract\u00e9ristiques de l\u2019appareil, son efficacit\u00e9 et la profondeur du traitement sont des raisons cl\u00e9s de ces diff\u00e9rences de co\u00fbt.<\/p>\n\n\n\n<h3 class=\"wp-block-heading\">4- Nombre de s\u00e9ances et intervalle entre elles<\/h3>\n\n\n\n<p>Le nombre de s\u00e9ances pr\u00e9vues et les intervalles entre celles-ci sont des facteurs essentiels pour d\u00e9terminer le co\u00fbt total du traitement. Les probl\u00e9matiques l\u00e9g\u00e8res peuvent n\u00e9cessiter moins de s\u00e9ances, tandis que des cas plus avanc\u00e9s peuvent exiger plusieurs traitements. Les intervalles sont g\u00e9n\u00e9ralement planifi\u00e9s pour permettre une r\u00e9g\u00e9n\u00e9ration cutan\u00e9e ad\u00e9quate, ce qui influence la dur\u00e9e globale du protocole.<\/p>\n\n\n\n<h3 class=\"wp-block-heading\">5- \u00c9tendue des services de la clinique (consultation, suivi, produits de soin)<\/h3>\n\n\n\n<p>La gamme de services propos\u00e9e par la clinique est \u00e9galement prise en compte dans la tarification du laser fractionn\u00e9. La consultation initiale, les s\u00e9ances de suivi apr\u00e8s traitement et les produits de soin recommand\u00e9s peuvent \u00eatre inclus dans le prix dans certaines cliniques. Ces services contribuent \u00e0 la s\u00e9curit\u00e9 du traitement et influencent le co\u00fbt final.<\/p>\n\n\n\n<h2 class=\"wp-block-heading\">Tarifs du laser fractionn\u00e9 selon la zone trait\u00e9e<\/h2>\n\n\n\n<p>Les tarifs du laser fractionn\u00e9 peuvent varier selon la zone trait\u00e9e. Chaque zone pr\u00e9sente une structure cutan\u00e9e, une sensibilit\u00e9 et une intensit\u00e9 de traitement diff\u00e9rentes. Par cons\u00e9quent, les plans de traitement sont personnalis\u00e9s par zone, ce qui influence directement le <strong>prix du laser fractionn\u00e9 en Turquie<\/strong>.<\/p>\n\n\n\n<h3 class=\"wp-block-heading\">1- Tarifs du laser fractionn\u00e9 pour le visage<\/h3>\n\n\n\n<p>Le visage est l\u2019une des zones les plus fr\u00e9quemment trait\u00e9es par laser fractionn\u00e9. Comme les traitements du visage complet couvrent une surface plus large, les co\u00fbts sont g\u00e9n\u00e9ralement plus \u00e9lev\u00e9s que les traitements localis\u00e9s. Des pr\u00e9occupations comme les cicatrices d\u2019acn\u00e9, le teint irr\u00e9gulier et les fines rides peuvent influencer le nombre de s\u00e9ances pr\u00e9vues.<\/p>\n\n\n\n<p><strong>Le co\u00fbt moyen du laser fractionn\u00e9 pour un traitement du visage complet est d\u2019environ 490 euros.<\/strong> Cependant, ce prix peut varier selon le nombre de s\u00e9ances, la technologie utilis\u00e9e et le plan de traitement personnalis\u00e9.<\/p>\n\n\n\n<h3 class=\"wp-block-heading\">2- Prix du traitement des cicatrices d\u2019acn\u00e9<\/h3>\n\n\n\n<p>Les cicatrices d\u2019acn\u00e9 peuvent n\u00e9cessiter des approches diff\u00e9rentes selon leur profondeur et leur r\u00e9partition. Les cicatrices superficielles peuvent r\u00e9pondre \u00e0 des applications limit\u00e9es, tandis que les cicatrices profondes requi\u00e8rent souvent un traitement au laser fractionn\u00e9 plus intensif, sur plusieurs s\u00e9ances. Les prix peuvent donc varier selon la s\u00e9v\u00e9rit\u00e9 des cicatrices.<\/p>\n\n\n\n<p>En moyenne, les tarifs du laser fractionn\u00e9 pour le traitement des cicatrices d\u2019acn\u00e9 se situent entre <strong>150 et 490 euros<\/strong>, selon la zone trait\u00e9e et le nombre de s\u00e9ances.<\/p>\n\n\n\n<figure class=\"wp-block-image size-full\"><img loading=\"lazy\" decoding=\"async\" width=\"800\" height=\"600\" src=\"https:\/\/www.turkaesthetic.com\/wp-content\/uploads\/2025\/04\/co2-laser-scar.webp\" alt=\"Karbondioksit fraksiyonel lazer ile yara izi tedavisi\" class=\"wp-image-62697\"\/><figcaption class=\"wp-element-caption\">Traitement des cicatrices avec laser fractionn\u00e9 au CO\u2082<\/figcaption><\/figure>\n\n\n\n<h3 class=\"wp-block-heading\">3- Prix du traitement de la pigmentation<\/h3>\n\n\n\n<p>Les traitements au laser fractionn\u00e9 pour les probl\u00e8mes de pigmentation, comme les taches solaires, les discolorations li\u00e9es \u00e0 l\u2019\u00e2ge ou un teint irr\u00e9gulier, sont g\u00e9n\u00e9ralement r\u00e9alis\u00e9s avec un plan relativement superficiel. Le nombre de taches et la taille de la zone trait\u00e9e jouent un r\u00f4le cl\u00e9 dans la tarification. Les traitements localis\u00e9s peuvent \u00eatre tarif\u00e9s diff\u00e9remment des proc\u00e9dures du visage complet.<\/p>\n\n\n\n<figure class=\"wp-block-image size-full\"><img loading=\"lazy\" decoding=\"async\" width=\"800\" height=\"600\" src=\"https:\/\/www.turkaesthetic.com\/wp-content\/uploads\/2025\/04\/co2-laser-face.webp\" alt=\"Karbondioksit fraksiyonel lazer ile y\u00fcz gen\u00e7le\u015ftirme\" class=\"wp-image-62668\"\/><figcaption class=\"wp-element-caption\">Rajeunissement du visage avec laser fractionn\u00e9 au CO\u2082<\/figcaption><\/figure>\n\n\n\n<h3 class=\"wp-block-heading\">4- Prix pour le cou et le haut du thorax<\/h3>\n\n\n\n<p>Le cou et le haut du thorax font partie des zones les plus sensibles. Les traitements au laser fractionn\u00e9 dans ces r\u00e9gions peuvent n\u00e9cessiter des r\u00e9glages sp\u00e9cifiques adapt\u00e9s \u00e0 une peau d\u00e9licate. La taille de la zone et le niveau de sensibilit\u00e9 influencent la tarification.<\/p>\n\n\n\n<p>En moyenne, le co\u00fbt du laser fractionn\u00e9 pour le cou et le haut du thorax se situe entre <strong>490 et 750 euros<\/strong>, selon l\u2019\u00e9tendue du traitement et le plan de s\u00e9ances.<\/p>\n\n\n\n<h3 class=\"wp-block-heading\">5- Petites zones et zones localis\u00e9es<\/h3>\n\n\n\n<p>Les traitements au laser fractionn\u00e9 pour de petites zones, comme le contour des l\u00e8vres, le contour des yeux, ou des cicatrices et taches localis\u00e9es, peuvent \u00eatre tarif\u00e9s diff\u00e9remment en raison de la surface limit\u00e9e. Cependant, la sensibilit\u00e9 plus \u00e9lev\u00e9e de ces r\u00e9gions rend la technique et l\u2019expertise du sp\u00e9cialiste particuli\u00e8rement importantes.<\/p>\n\n\n\n<p>Pour les petites zones, le prix moyen du laser fractionn\u00e9 est d\u2019environ <strong>245 euros<\/strong>.<\/p>\n\n\n\n<figure class=\"wp-block-image size-full\"><img loading=\"lazy\" decoding=\"async\" width=\"800\" height=\"600\" src=\"https:\/\/www.turkaesthetic.com\/wp-content\/uploads\/2025\/04\/co2-laser-lips.webp\" alt=\"Karbondioksit fraksiyonel lazer ile dudak rengi a\u00e7ma\" class=\"wp-image-62687\"\/><figcaption class=\"wp-element-caption\">\u00c9claircissement de la couleur des l\u00e8vres avec laser fractionn\u00e9 au CO\u2082<\/figcaption><\/figure>\n\n\n\n<h2 class=\"wp-block-heading\">Prix du laser fractionn\u00e9 au CO\u2082<\/h2>\n\n\n\n<p>Les prix du laser fractionn\u00e9 au CO\u2082 peuvent diff\u00e9rer du co\u00fbt d\u2019un laser fractionn\u00e9 standard en raison de la profondeur d\u2019action de cette technologie. Comme les syst\u00e8mes au CO\u2082 p\u00e9n\u00e8trent les couches cutan\u00e9es plus profondes, la planification du traitement et le contenu des s\u00e9ances sont ajust\u00e9s en cons\u00e9quence, ce qui influence directement le <strong>prix du laser fractionn\u00e9 en Turquie<\/strong>.<\/p>\n\n\n\n<p>Le laser fractionn\u00e9 au CO\u2082 est g\u00e9n\u00e9ralement privil\u00e9gi\u00e9 dans les cas n\u00e9cessitant un renouvellement cutan\u00e9 plus intensif, ce qui peut impliquer un plan de traitement plus d\u00e9taill\u00e9.<\/p>\n\n\n\n<h3 class=\"wp-block-heading\">Diff\u00e9rence entre le CO\u2082 et le laser fractionn\u00e9 classique : pourquoi les prix varient-ils ?<\/h3>\n\n\n\n<p>La principale diff\u00e9rence entre le laser fractionn\u00e9 au CO\u2082 et le laser fractionn\u00e9 classique r\u00e9side dans la profondeur de p\u00e9n\u00e9tration cutan\u00e9e. Le CO\u2082 d\u00e9livre un effet plus puissant et plus profond, ce qui peut donner des r\u00e9sultats plus visibles dans certains cas.<\/p>\n\n\n\n<p>Ces diff\u00e9rences influencent la tarification de la mani\u00e8re suivante :<\/p>\n\n\n\n<ul class=\"wp-block-list\">\n<li>Co\u00fbts plus \u00e9lev\u00e9s des appareils et de la technologie pour les syst\u00e8mes au CO\u2082<\/li>\n\n\n\n<li>R\u00e9glages de traitement plus pr\u00e9cis et plus personnalis\u00e9s<\/li>\n\n\n\n<li>R\u00e9cup\u00e9ration plus encadr\u00e9e et suivi post-traitement plus d\u00e9taill\u00e9<\/li>\n<\/ul>\n\n\n\n<p>Pour ces raisons, le co\u00fbt du laser fractionn\u00e9 au CO\u2082 peut \u00eatre d\u00e9termin\u00e9 diff\u00e9remment par rapport aux traitements au laser fractionn\u00e9 classique.<\/p>\n\n\n\n<h3 class=\"wp-block-heading\">Quand privil\u00e9gie-t-on le laser fractionn\u00e9 au CO\u2082 ?<\/h3>\n\n\n\n<p>Le laser fractionn\u00e9 au CO\u2082 est g\u00e9n\u00e9ralement privil\u00e9gi\u00e9 pour des probl\u00e9matiques cutan\u00e9es plus avanc\u00e9es. Il est particuli\u00e8rement efficace pour les cicatrices d\u2019acn\u00e9 profondes, les rides marqu\u00e9es et les cas n\u00e9cessitant un renouvellement important de la texture de la peau.<\/p>\n\n\n\n<p>Il peut aussi \u00eatre recommand\u00e9 lorsque :<\/p>\n\n\n\n<ul class=\"wp-block-list\">\n<li>Une r\u00e9g\u00e9n\u00e9ration cutan\u00e9e intensive est l\u2019objectif du traitement<\/li>\n\n\n\n<li>Des traitements superficiels pr\u00e9c\u00e9dents n\u2019ont pas donn\u00e9 de r\u00e9sultats suffisants<\/li>\n\n\n\n<li>Des r\u00e9sultats plus durables et plus visibles sont recherch\u00e9s<\/li>\n<\/ul>\n\n\n\n<p>Toutefois, le type de laser le plus adapt\u00e9 doit toujours \u00eatre s\u00e9lectionn\u00e9 apr\u00e8s une \u00e9valuation par un sp\u00e9cialiste.<\/p>\n\n\n\n<h2 class=\"wp-block-heading\">Soins post-traitement et co\u00fbts suppl\u00e9mentaires<\/h2>\n\n\n\n<p>Apr\u00e8s les s\u00e9ances de laser fractionn\u00e9, la peau entre dans une phase de r\u00e9g\u00e9n\u00e9ration. Des soins adapt\u00e9s soutiennent les r\u00e9sultats et am\u00e9liorent le confort de r\u00e9cup\u00e9ration. Dans certains cas, les soins post-traitement peuvent entra\u00eener des co\u00fbts suppl\u00e9mentaires.<\/p>\n\n\n\n<h3 class=\"wp-block-heading\">Besoin de cr\u00e8me solaire \/ hydratant<\/h3>\n\n\n\n<p>La peau devient plus sensible aux facteurs externes apr\u00e8s un traitement au laser fractionn\u00e9. Il est donc essentiel d\u2019utiliser r\u00e9guli\u00e8rement une protection solaire \u00e0 indice \u00e9lev\u00e9. Des hydratants qui renforcent la barri\u00e8re cutan\u00e9e peuvent \u00e9galement aider \u00e0 la r\u00e9cup\u00e9ration. Ces produits peuvent \u00eatre inclus dans certains forfaits, tandis que dans d\u2019autres cas ils repr\u00e9sentent des d\u00e9penses additionnelles.<\/p>\n\n\n\n<h3 class=\"wp-block-heading\">Arr\u00eat de travail \/ reprise de la vie sociale<\/h3>\n\n\n\n<p>Une l\u00e9g\u00e8re rougeur, une desquamation ou une sensibilit\u00e9 peuvent survenir apr\u00e8s le traitement. Ces effets sont g\u00e9n\u00e9ralement temporaires, mais certaines personnes peuvent avoir besoin de quelques jours avant de reprendre pleinement leurs activit\u00e9s sociales ou professionnelles. Ce temps de r\u00e9cup\u00e9ration peut \u00eatre consid\u00e9r\u00e9 comme un co\u00fbt indirect, notamment pour les patients qui travaillent.<\/p>\n\n\n\n<h2 class=\"wp-block-heading\">Un laser fractionn\u00e9 bon march\u00e9 est-il dangereux ?<\/h2>\n\n\n\n<p>Le prix du laser fractionn\u00e9 ne doit pas \u00eatre le seul crit\u00e8re de d\u00e9cision. Des offres \u00e0 des tarifs extr\u00eamement bas peuvent comporter certains risques.<\/p>\n\n\n\n<h3 class=\"wp-block-heading\">Que signifie un prix tr\u00e8s bas ?<\/h3>\n\n\n\n<p>Des offres bien en dessous des moyennes du march\u00e9 peuvent soulever des doutes quant \u00e0 la qualit\u00e9 de l\u2019appareil, l\u2019exp\u00e9rience du praticien ou l\u2019\u00e9tendue des services inclus. Une \u00e9valuation insuffisante, un \u00e9quipement de faible qualit\u00e9 ou un suivi post-traitement limit\u00e9 peuvent affecter la s\u00e9curit\u00e9 et l\u2019efficacit\u00e9 du traitement.<\/p>\n\n\n\n<h3 class=\"wp-block-heading\">Checklist pour choisir une clinique s\u00fbre<\/h3>\n\n\n\n<p>Pour un traitement au laser fractionn\u00e9 en toute s\u00e9curit\u00e9, tenez compte des crit\u00e8res suivants :<\/p>\n\n\n\n<ul class=\"wp-block-list\">\n<li>Traitement r\u00e9alis\u00e9 par un m\u00e9decin qualifi\u00e9 ou un personnel m\u00e9dical exp\u00e9riment\u00e9<\/li>\n\n\n\n<li>Utilisation d\u2019appareils laser modernes et certifi\u00e9s<\/li>\n\n\n\n<li>Analyse cutan\u00e9e compl\u00e8te et consultation avant le traitement<\/li>\n\n\n\n<li>Disponibilit\u00e9 d\u2019un suivi post-traitement et d\u2019une assistance de soins<\/li>\n<\/ul>\n\n\n\n<p>Ces \u00e9l\u00e9ments sont aussi importants que le prix et influencent directement la r\u00e9ussite du traitement.<\/p>\n\n\n\n<h2 class=\"wp-block-heading\">Pourquoi le co\u00fbt du laser fractionn\u00e9 en Turquie est-il avantageux ?<\/h2>\n\n\n\n<p>La Turquie se distingue dans les traitements esth\u00e9tiques et m\u00e9dicaux gr\u00e2ce \u00e0 l\u2019\u00e9quilibre entre qualit\u00e9 de service et co\u00fbt. Cet avantage se refl\u00e8te clairement dans le <strong>prix du laser fractionn\u00e9 en Turquie<\/strong>, rendant le traitement accessible sans compromettre la qualit\u00e9.<\/p>\n\n\n\n<h3 class=\"wp-block-heading\">\u00c9quilibre qualit\u00e9\u2013prix des services m\u00e9dicaux<\/h3>\n\n\n\n<p>En Turquie, les traitements au <a href=\"https:\/\/fr.wikipedia.org\/wiki\/Laser_au_dioxyde_de_carbone\" data-type=\"link\" data-id=\"https:\/\/fr.wikipedia.org\/wiki\/Laser_au_dioxyde_de_carbone\" target=\"_blank\" rel=\"noopener\">laser<\/a> fractionn\u00e9 sont propos\u00e9s dans des environnements cliniques modernes, avec des sp\u00e9cialistes exp\u00e9riment\u00e9s, tout en restant plus abordables que dans de nombreux autres pays. Cela permet aux patients de b\u00e9n\u00e9ficier de soins de haute qualit\u00e9 \u00e0 un co\u00fbt \u00e9quilibr\u00e9.<\/p>\n\n\n\n<h3 class=\"wp-block-heading\">Forfaits pour les patients internationaux<\/h3>\n\n\n\n<p>Certaines cliniques proposent des services sous forme de forfaits afin de simplifier l\u2019organisation du traitement pour les patients internationaux. Ces forfaits peuvent inclure la consultation, la coordination du traitement et le suivi apr\u00e8s la proc\u00e9dure, offrant des avantages en termes de temps et de co\u00fbt.<\/p>\n\n\n<style>.kb-gallery-id-53983_a16055-4e .kadence-blocks-gallery-item .kb-gal-image-radius, .kb-gallery-id-53983_a16055-4e .kb-slide-item .kb-gal-image-radius img{border-radius:0px 0px 0px 0px;;}.kb-gallery-wrap-id-53983_a16055-4e.wp-block-kadence-advancedgallery{overflow:visible;}.kb-gallery-wrap-id-53983_a16055-4e.wp-block-kadence-advancedgallery .kt-blocks-carousel{overflow:visible;}<\/style><div class=\"kb-gallery-wrap-id-53983_a16055-4e alignnone wp-block-kadence-advancedgallery\"><div class=\"kb-gallery-ul kb-gallery-non-static kb-gallery-type-slider kb-gallery-id-53983_a16055-4e kb-gallery-caption-style-bottom-hover kb-gallery-filter-none\" data-image-filter=\"none\" data-lightbox-caption=\"true\"><div class=\"kt-blocks-carousel splide kt-carousel-container-dotstyle-dark kt-carousel-arrowstyle-whiteondark kt-carousel-dotstyle-dark kb-slider-group-arrow kb-slider-arrow-position-center\" data-slider-anim-speed=\"400\" data-slider-scroll=\"1\" data-slider-arrows=\"true\" data-slider-fade=\"true\" data-slider-dots=\"true\" data-slider-type=\"slider\" data-slider-hover-pause=\"false\" data-slider-auto=\"\" data-slider-speed=\"7000\" data-show-pause-button=\"false\"><div class=\"splide__track\"><ul class=\"kt-blocks-carousel-init kb-blocks-slider splide__list\"><li class=\"kb-slide-item kb-gallery-slide-item splide__slide\"><div class=\"kadence-blocks-gallery-item\"><div class=\"kadence-blocks-gallery-item-inner\"><figure class=\"kb-gallery-figure kadence-blocks-gallery-item-hide-caption\"><div class=\"kb-gal-image-radius\"><div class=\"kb-gallery-image-contain kadence-blocks-gallery-intrinsic kb-gallery-image-ratio-land32 kb-has-image-ratio-land32\" ><img loading=\"lazy\" decoding=\"async\" src=\"https:\/\/www.turkaesthetic.com\/wp-content\/uploads\/2023\/11\/before-after-co2-laser-6.jpg\" width=\"1200\" height=\"800\" alt=\"T\u00fcrkiye&#039;de fraksiyonel lazer \u00f6ncesi ve sonras\u0131\" data-full-image=\"https:\/\/www.turkaesthetic.com\/wp-content\/uploads\/2023\/11\/before-after-co2-laser-6.jpg\" data-light-image=\"https:\/\/www.turkaesthetic.com\/wp-content\/uploads\/2023\/11\/before-after-co2-laser-6.jpg\" data-id=\"45338\" class=\"wp-image-45338 skip-lazy\"\/><\/div><\/div><\/figure><\/div><\/div><\/li><li class=\"kb-slide-item kb-gallery-slide-item splide__slide\"><div class=\"kadence-blocks-gallery-item\"><div class=\"kadence-blocks-gallery-item-inner\"><figure class=\"kb-gallery-figure kadence-blocks-gallery-item-hide-caption\"><div class=\"kb-gal-image-radius\"><div class=\"kb-gallery-image-contain kadence-blocks-gallery-intrinsic kb-gallery-image-ratio-land32 kb-has-image-ratio-land32\" ><img loading=\"lazy\" decoding=\"async\" src=\"https:\/\/www.turkaesthetic.com\/wp-content\/uploads\/2023\/12\/Fractional-laser-before-after-in-Turkey-9.webp\" width=\"1200\" height=\"800\" alt=\"T\u00fcrkiye&#039;de fraksiyonel lazer \u00f6ncesi ve sonras\u0131\" data-full-image=\"https:\/\/www.turkaesthetic.com\/wp-content\/uploads\/2023\/12\/Fractional-laser-before-after-in-Turkey-9.webp\" data-light-image=\"https:\/\/www.turkaesthetic.com\/wp-content\/uploads\/2023\/12\/Fractional-laser-before-after-in-Turkey-9.webp\" data-id=\"50211\" class=\"wp-image-50211 skip-lazy\"\/><\/div><\/div><\/figure><\/div><\/div><\/li><li class=\"kb-slide-item kb-gallery-slide-item splide__slide\"><div class=\"kadence-blocks-gallery-item\"><div class=\"kadence-blocks-gallery-item-inner\"><figure class=\"kb-gallery-figure kadence-blocks-gallery-item-hide-caption\"><div class=\"kb-gal-image-radius\"><div class=\"kb-gallery-image-contain kadence-blocks-gallery-intrinsic kb-gallery-image-ratio-land32 kb-has-image-ratio-land32\" ><img loading=\"lazy\" decoding=\"async\" src=\"https:\/\/www.turkaesthetic.com\/wp-content\/uploads\/2023\/12\/Fractional-laser-before-after-in-Turkey-8.webp\" width=\"1200\" height=\"800\" alt=\"T\u00fcrkiye&#039;de fraksiyonel lazer \u00f6ncesi ve sonras\u0131\" data-full-image=\"https:\/\/www.turkaesthetic.com\/wp-content\/uploads\/2023\/12\/Fractional-laser-before-after-in-Turkey-8.webp\" data-light-image=\"https:\/\/www.turkaesthetic.com\/wp-content\/uploads\/2023\/12\/Fractional-laser-before-after-in-Turkey-8.webp\" data-id=\"50220\" class=\"wp-image-50220 skip-lazy\"\/><\/div><\/div><\/figure><\/div><\/div><\/li><li class=\"kb-slide-item kb-gallery-slide-item splide__slide\"><div class=\"kadence-blocks-gallery-item\"><div class=\"kadence-blocks-gallery-item-inner\"><figure class=\"kb-gallery-figure kadence-blocks-gallery-item-hide-caption\"><div class=\"kb-gal-image-radius\"><div class=\"kb-gallery-image-contain kadence-blocks-gallery-intrinsic kb-gallery-image-ratio-land32 kb-has-image-ratio-land32\" ><img loading=\"lazy\" decoding=\"async\" src=\"https:\/\/www.turkaesthetic.com\/wp-content\/uploads\/2023\/12\/Fractional-laser-before-after-10.webp\" width=\"1200\" height=\"800\" alt=\"T\u00fcrkiye&#039;de fraksiyonel lazer \u00f6ncesi ve sonras\u0131\" data-full-image=\"https:\/\/www.turkaesthetic.com\/wp-content\/uploads\/2023\/12\/Fractional-laser-before-after-10.webp\" data-light-image=\"https:\/\/www.turkaesthetic.com\/wp-content\/uploads\/2023\/12\/Fractional-laser-before-after-10.webp\" data-id=\"50229\" class=\"wp-image-50229 skip-lazy\"\/><\/div><\/div><\/figure><\/div><\/div><\/li><li class=\"kb-slide-item kb-gallery-slide-item splide__slide\"><div class=\"kadence-blocks-gallery-item\"><div class=\"kadence-blocks-gallery-item-inner\"><figure class=\"kb-gallery-figure kadence-blocks-gallery-item-hide-caption\"><div class=\"kb-gal-image-radius\"><div class=\"kb-gallery-image-contain kadence-blocks-gallery-intrinsic kb-gallery-image-ratio-land32 kb-has-image-ratio-land32\" ><img loading=\"lazy\" decoding=\"async\" src=\"https:\/\/www.turkaesthetic.com\/wp-content\/uploads\/2023\/12\/Fractional-laser-before-after-7.webp\" width=\"1200\" height=\"800\" alt=\"T\u00fcrkiye&#039;de fraksiyonel lazer \u00f6ncesi ve sonras\u0131\" data-full-image=\"https:\/\/www.turkaesthetic.com\/wp-content\/uploads\/2023\/12\/Fractional-laser-before-after-7.webp\" data-light-image=\"https:\/\/www.turkaesthetic.com\/wp-content\/uploads\/2023\/12\/Fractional-laser-before-after-7.webp\" data-id=\"50238\" class=\"wp-image-50238 skip-lazy\"\/><\/div><\/div><\/figure><\/div><\/div><\/li><li class=\"kb-slide-item kb-gallery-slide-item splide__slide\"><div class=\"kadence-blocks-gallery-item\"><div class=\"kadence-blocks-gallery-item-inner\"><figure class=\"kb-gallery-figure kadence-blocks-gallery-item-hide-caption\"><div class=\"kb-gal-image-radius\"><div class=\"kb-gallery-image-contain kadence-blocks-gallery-intrinsic kb-gallery-image-ratio-land32 kb-has-image-ratio-land32\" ><img loading=\"lazy\" decoding=\"async\" src=\"https:\/\/www.turkaesthetic.com\/wp-content\/uploads\/2025\/05\/co2-laser.webp\" width=\"1200\" height=\"800\" alt=\"T\u00fcrkiye&#039;de fraksiyonel lazer \u00f6ncesi ve sonras\u0131\" data-full-image=\"https:\/\/www.turkaesthetic.com\/wp-content\/uploads\/2025\/05\/co2-laser.webp\" data-light-image=\"https:\/\/www.turkaesthetic.com\/wp-content\/uploads\/2025\/05\/co2-laser.webp\" data-id=\"63314\" class=\"wp-image-63314 skip-lazy\"\/><\/div><\/div><\/figure><\/div><\/div><\/li><\/ul><\/div><\/div><\/div><\/div>\n\n\n<h2 class=\"wp-block-heading\">Questions fr\u00e9quentes<\/h2>\n\n\n<div id=\"rank-math-faq\" class=\"rank-math-block\">\n<div class=\"rank-math-list \">\n<div id=\"faq-question-1768929727640\" class=\"rank-math-list-item\">\n<h3 class=\"rank-math-question \">Une seule s\u00e9ance suffit-elle ?<\/h3>\n<div class=\"rank-math-answer \">\n\n<p>Le fait qu\u2019une seule s\u00e9ance soit suffisante d\u00e9pend du type et de la s\u00e9v\u00e9rit\u00e9 du probl\u00e8me cutan\u00e9. Les pr\u00e9occupations l\u00e9g\u00e8res peuvent \u00eatre trait\u00e9es en une seule s\u00e9ance, tandis que des cas plus avanc\u00e9s peuvent n\u00e9cessiter plusieurs s\u00e9ances.<\/p>\n\n<\/div>\n<\/div>\n<div id=\"faq-question-1768929745827\" class=\"rank-math-list-item\">\n<h3 class=\"rank-math-question \">Pourquoi les prix varient-ils ?<\/h3>\n<div class=\"rank-math-answer \">\n\n<p>Les tarifs du laser fractionn\u00e9 varient selon la zone trait\u00e9e, le type d\u2019appareil, le nombre de s\u00e9ances et l\u2019\u00e9tendue des services propos\u00e9s par la clinique. La tarification est donc personnalis\u00e9e pour chaque patient.<\/p>\n\n<\/div>\n<\/div>\n<div id=\"faq-question-1768929756993\" class=\"rank-math-list-item\">\n<h3 class=\"rank-math-question \">Le traitement des cicatrices est-il plus cher que celui de la pigmentation ?<\/h3>\n<div class=\"rank-math-answer \">\n\n<p>Les cicatrices d\u2019acn\u00e9 profondes n\u00e9cessitent g\u00e9n\u00e9ralement un traitement plus complet que les probl\u00e8mes de pigmentation superficiels, ce qui peut influencer le co\u00fbt global.<\/p>\n\n<\/div>\n<\/div>\n<div id=\"faq-question-1768929765710\" class=\"rank-math-list-item\">\n<h3 class=\"rank-math-question \">Le laser fractionn\u00e9 au CO\u2082 est-il plus cher ?<\/h3>\n<div class=\"rank-math-answer \">\n\n<p>Le laser fractionn\u00e9 au CO\u2082 peut \u00eatre tarif\u00e9 diff\u00e9remment car il s\u2019agit d\u2019une technologie plus puissante, avec une p\u00e9n\u00e9tration cutan\u00e9e plus profonde. La m\u00e9thode la plus adapt\u00e9e est d\u00e9termin\u00e9e apr\u00e8s une \u00e9valuation par un sp\u00e9cialiste.<\/p>\n\n<\/div>\n<\/div>\n<\/div>\n<\/div>","protected":false},"excerpt":{"rendered":"<p>Combien co\u00fbte un laser fractionn\u00e9 en Turquie ? Le laser fractionn\u00e9 en Turquie varie selon l\u2019\u00e9tendue de la proc\u00e9dure et les besoins individuels du patient, c\u2019est pourquoi il n\u2019est pas possible de d\u00e9finir un prix fixe ou standard pour tout le monde. Le type de peau, le probl\u00e8me cutan\u00e9 concern\u00e9 et l\u2019objectif du traitement diff\u00e8rent [&hellip;]<\/p>\n","protected":false},"author":4,"featured_media":53971,"comment_status":"open","ping_status":"closed","sticky":false,"template":"","format":"standard","meta":{"footnotes":""},"categories":[119],"tags":[1502,1557],"class_list":["post-53983","post","type-post","status-publish","format-standard","has-post-thumbnail","hentry","category-aesthetic","tag-cost","tag-co2-fractional-laser"],"_links":{"self":[{"href":"https:\/\/www.turkaesthetic.com\/fr\/wp-json\/wp\/v2\/posts\/53983","targetHints":{"allow":["GET"]}}],"collection":[{"href":"https:\/\/www.turkaesthetic.com\/fr\/wp-json\/wp\/v2\/posts"}],"about":[{"href":"https:\/\/www.turkaesthetic.com\/fr\/wp-json\/wp\/v2\/types\/post"}],"author":[{"embeddable":true,"href":"https:\/\/www.turkaesthetic.com\/fr\/wp-json\/wp\/v2\/users\/4"}],"replies":[{"embeddable":true,"href":"https:\/\/www.turkaesthetic.com\/fr\/wp-json\/wp\/v2\/comments?post=53983"}],"version-history":[{"count":2,"href":"https:\/\/www.turkaesthetic.com\/fr\/wp-json\/wp\/v2\/posts\/53983\/revisions"}],"predecessor-version":[{"id":70124,"href":"https:\/\/www.turkaesthetic.com\/fr\/wp-json\/wp\/v2\/posts\/53983\/revisions\/70124"}],"wp:featuredmedia":[{"embeddable":true,"href":"https:\/\/www.turkaesthetic.com\/fr\/wp-json\/wp\/v2\/media\/53971"}],"wp:attachment":[{"href":"https:\/\/www.turkaesthetic.com\/fr\/wp-json\/wp\/v2\/media?parent=53983"}],"wp:term":[{"taxonomy":"category","embeddable":true,"href":"https:\/\/www.turkaesthetic.com\/fr\/wp-json\/wp\/v2\/categories?post=53983"},{"taxonomy":"post_tag","embeddable":true,"href":"https:\/\/www.turkaesthetic.com\/fr\/wp-json\/wp\/v2\/tags?post=53983"}],"curies":[{"name":"wp","href":"https:\/\/api.w.org\/{rel}","templated":true}]}}